{"id":2598,"date":"2023-10-23T10:55:58","date_gmt":"2023-10-23T10:55:58","guid":{"rendered":"https:\/\/automotiveland.nrw\/?p=2598"},"modified":"2024-10-14T08:12:59","modified_gmt":"2024-10-14T08:12:59","slug":"erster-traiber-nrw-strategiedialog","status":"publish","type":"post","link":"https:\/\/automotiveland.nrw\/en\/erster-traiber-nrw-strategiedialog\/","title":{"rendered":"Erster TRAIBER.NRW Strategiedialog"},"content":{"rendered":"<p><strong>Am 7. September 2023 trafen sich erstmalig die regionalen Akteure der Bergischen Region \u2013 Vertreter: innen aus Wirtschaftsf\u00f6rderungen, Kommunen, Industrie- und Handelskammern, Arbeitgeberverb\u00e4nde und Gewerkschaftsvertretung \u2013 um gemeinsam Handlungsperspektiven f\u00fcr die Bergische Region als Automotive Standort zu identifizieren.<\/strong><\/p>\n<p>Neben dem Austausch, wie die einzelnen Kommunen mit der Transformation der Automotive Industrie im Einzelnen umgehen, zentrierten sich die Diskussionen um Themenfelder, die eine Ausgestaltung erforderlicher Ma\u00dfnahmen auf regionaler Ebene erm\u00f6glichen. Insbesondere das Thema der langfristigen Fachkr\u00e4ftesicherung in der Region, aber auch speziell f\u00fcr die Automotive Industrie standen im Mittelpunkt. Es wurden Vor-Ort-Ans\u00e4tze gesucht und diskutiert, die die Regions- und Besch\u00e4ftigungsattraktivit\u00e4t und die damit verbundene langfristige Fachkr\u00e4ftesicherung in der Bergischen Region ausbauen und sichern sollen.<\/p>\n<p>Einigkeit herrschte insbesondere dar\u00fcber, dass f\u00fcr den Ausbau der Regions- und Besch\u00e4ftigtenattraktivit\u00e4t es essenziell ist<\/p>\n<ul>\n<li>die Kompetenzen und Erfahrungswerte der unterschiedlichen Akteure aus der Region zu b\u00fcndeln,<\/li>\n<li>gemeinsame Aktivt\u00e4ten in der Bergischen Region voranzutreiben sowie<\/li>\n<li>die Verbesserung der Standortfaktoren mit konkreten regionalen Ma\u00dfnahmen zu unterst\u00fctzen.<\/li>\n<\/ul>\n<p>Als eine erste effektive und regional gut umsetzbare M\u00f6glichkeit wird der Ausbau schulischer Kooperationen mit Unternehmen gesehen. Hierbei ist der Gedanke, dass einerseits Sch\u00fcler: innen vor ihrer Berufsauswahl die Automotivebranche mit ihren vielf\u00e4ltigen T\u00e4tigkeitsfeldern und Berufschancen n\u00e4hergebracht wird. Andererseits soll das generelle Interesse an MINT-F\u00e4chern und der betrieblichen Ausbildung weiter gest\u00e4rkt und ausgebaut werden. Eine gemeinsame regionale \u00d6ffentlichkeitsarbeit zum langfristigen Fachkr\u00e4fteausbau fand bei allen Akteuren zudem eine gro\u00dfe Zustimmung. Landes- oder\/und bundesweite politische Themen, wie Regularien, die die Wettbewerbsf\u00e4higkeit von Unternehmen in der Region im Vergleich zu anderen L\u00e4ndern schw\u00e4cht, sollen zuk\u00fcnftig st\u00e4rker in diesem Kreis abgestimmt und geb\u00fcndelt werden. So k\u00f6nnen konkreter Standpunkte \u00fcber die Interessensvertretungen an die Landes- und Bundesregierung herangetragen werden, um die Standortfaktoren der Bergischen Region weiter ausbauen zu k\u00f6nnen.<\/p>\n<p>Der erste TRAIBER.NRW Strategiedialog hat erste gute Impulse gesetzt, wie auf regionaler Ebene effektiv und geb\u00fcndelt Ma\u00dfnahmen kurz- und mittelfristig angesto\u00dfen werden k\u00f6nnen, um die Bergische Region als Automotive Standort weiter zu st\u00e4rken. Am 7. November wird der Strategiedialog fortgesetzt, mit dem Ziel der Formulierung einer gemeinsamen Transformationsstrategie f\u00fcr die Bergischen Region als Automotive Standort.<\/p>\n<p><img fetchpriority=\"high\" decoding=\"async\" class=\"alignnone wp-image-2701 size-full\" src=\"https:\/\/automotiveland.nrw\/wp-content\/uploads\/2024\/09\/IMG_0155-scaled.jpg\" alt=\"\" width=\"2560\" height=\"2560\" srcset=\"https:\/\/automotiveland.nrw\/wp-content\/uploads\/2024\/09\/IMG_0155-scaled.jpg 2560w, https:\/\/automotiveland.nrw\/wp-content\/uploads\/2024\/09\/IMG_0155-300x300.jpg 300w, https:\/\/automotiveland.nrw\/wp-content\/uploads\/2024\/09\/IMG_0155-1024x1024.jpg 1024w, https:\/\/automotiveland.nrw\/wp-content\/uploads\/2024\/09\/IMG_0155-150x150.jpg 150w, https:\/\/automotiveland.nrw\/wp-content\/uploads\/2024\/09\/IMG_0155-768x768.jpg 768w, https:\/\/automotiveland.nrw\/wp-content\/uploads\/2024\/09\/IMG_0155-1536x1536.jpg 1536w, https:\/\/automotiveland.nrw\/wp-content\/uploads\/2024\/09\/IMG_0155-2048x2048.jpg 2048w, https:\/\/automotiveland.nrw\/wp-content\/uploads\/2024\/09\/IMG_0155-12x12.jpg 12w\" sizes=\"(max-width: 2560px) 100vw, 2560px\" \/><img decoding=\"async\" class=\"alignnone wp-image-2731 size-full\" src=\"https:\/\/automotiveland.nrw\/wp-content\/uploads\/2023\/10\/IMG_0171-1-1-scaled.jpg\" alt=\"\" width=\"2560\" height=\"2560\" srcset=\"https:\/\/automotiveland.nrw\/wp-content\/uploads\/2023\/10\/IMG_0171-1-1-scaled.jpg 2560w, https:\/\/automotiveland.nrw\/wp-content\/uploads\/2023\/10\/IMG_0171-1-1-300x300.jpg 300w, https:\/\/automotiveland.nrw\/wp-content\/uploads\/2023\/10\/IMG_0171-1-1-1024x1024.jpg 1024w, https:\/\/automotiveland.nrw\/wp-content\/uploads\/2023\/10\/IMG_0171-1-1-150x150.jpg 150w, https:\/\/automotiveland.nrw\/wp-content\/uploads\/2023\/10\/IMG_0171-1-1-768x768.jpg 768w, https:\/\/automotiveland.nrw\/wp-content\/uploads\/2023\/10\/IMG_0171-1-1-1536x1536.jpg 1536w, https:\/\/automotiveland.nrw\/wp-content\/uploads\/2023\/10\/IMG_0171-1-1-2048x2048.jpg 2048w, https:\/\/automotiveland.nrw\/wp-content\/uploads\/2023\/10\/IMG_0171-1-1-12x12.jpg 12w\" sizes=\"(max-width: 2560px) 100vw, 2560px\" \/><\/p>","protected":false},"excerpt":{"rendered":"<p>Am 7. September 2023 trafen sich erstmalig die regionalen Akteure der Bergischen Region \u2013 Vertreter: innen aus Wirtschaftsf\u00f6rderungen, Kommunen, Industrie- und Handelskammern, Arbeitgeberverb\u00e4nde und Gewerkschaftsvertretung \u2013 um gemeinsam Handlungsperspektiven f\u00fcr die Bergische Region als Automotive Standort zu identifizieren. Neben dem Austausch, wie die einzelnen Kommunen mit der Transformation der Automotive Industrie im Einzelnen umgehen, zentrierten&#8230;<\/p>","protected":false},"author":1,"featured_media":2700,"comment_status":"open","ping_status":"open","sticky":false,"template":"","format":"standard","meta":{"episode_type":"","audio_file":"","podmotor_file_id":"","podmotor_episode_id":"","cover_image":"","cover_image_id":"","duration":"","filesize":"","filesize_raw":"","date_recorded":"","explicit":"","block":"","itunes_episode_number":"","itunes_title":"","itunes_season_number":"","itunes_episode_type":"","_kad_post_transparent":"default","_kad_post_title":"default","_kad_post_layout":"default","_kad_post_sidebar_id":"","_kad_post_content_style":"default","_kad_post_vertical_padding":"default","_kad_post_feature":"","_kad_post_feature_position":"","_kad_post_header":false,"_kad_post_footer":false,"_kad_post_classname":"","footnotes":""},"categories":[1],"tags":[],"class_list":["post-2598","post","type-post","status-publish","format-standard","has-post-thumbnail","hentry","category-blog"],"_links":{"self":[{"href":"https:\/\/automotiveland.nrw\/en\/wp-json\/wp\/v2\/posts\/2598","targetHints":{"allow":["GET"]}}],"collection":[{"href":"https:\/\/automotiveland.nrw\/en\/wp-json\/wp\/v2\/posts"}],"about":[{"href":"https:\/\/automotiveland.nrw\/en\/wp-json\/wp\/v2\/types\/post"}],"author":[{"embeddable":true,"href":"https:\/\/automotiveland.nrw\/en\/wp-json\/wp\/v2\/users\/1"}],"replies":[{"embeddable":true,"href":"https:\/\/automotiveland.nrw\/en\/wp-json\/wp\/v2\/comments?post=2598"}],"version-history":[{"count":0,"href":"https:\/\/automotiveland.nrw\/en\/wp-json\/wp\/v2\/posts\/2598\/revisions"}],"wp:featuredmedia":[{"embeddable":true,"href":"https:\/\/automotiveland.nrw\/en\/wp-json\/wp\/v2\/media\/2700"}],"wp:attachment":[{"href":"https:\/\/automotiveland.nrw\/en\/wp-json\/wp\/v2\/media?parent=2598"}],"wp:term":[{"taxonomy":"category","embeddable":true,"href":"https:\/\/automotiveland.nrw\/en\/wp-json\/wp\/v2\/categories?post=2598"},{"taxonomy":"post_tag","embeddable":true,"href":"https:\/\/automotiveland.nrw\/en\/wp-json\/wp\/v2\/tags?post=2598"}],"curies":[{"name":"wp","href":"https:\/\/api.w.org\/{rel}","templated":true}]}}